{"id":18638,"date":"2025-03-05T11:13:55","date_gmt":"2025-03-05T11:13:55","guid":{"rendered":"https:\/\/blog.mergerscorp.com\/le-forum-economique-mondial-de-davos-implications-pour-les-fusions-et-acquisitions\/"},"modified":"2025-03-05T11:13:55","modified_gmt":"2025-03-05T11:13:55","slug":"le-forum-economique-mondial-de-davos-implications-pour-les-fusions-et-acquisitions","status":"publish","type":"post","link":"https:\/\/blog.mergerscorp.com\/fr\/le-forum-economique-mondial-de-davos-implications-pour-les-fusions-et-acquisitions\/","title":{"rendered":"Le Forum \u00e9conomique mondial de Davos : Implications pour les fusions et acquisitions"},"content":{"rendered":"<p>Le Forum \u00e9conomique mondial (WEF), qui se tient chaque ann\u00e9e \u00e0 Davos, en Suisse, est un \u00e9v\u00e9nement majeur qui rassemble des dirigeants de gouvernements, d&rsquo;entreprises et de la soci\u00e9t\u00e9 civile pour d\u00e9battre de questions mondiales urgentes. Si l&rsquo;ordre du jour du forum va du changement climatique \u00e0 l&rsquo;innovation technologique, l&rsquo;un des aspects les moins discut\u00e9s et pourtant cruciaux est son impact sur les fusions et acquisitions (M&amp;A). La convergence de personnalit\u00e9s influentes \u00e0 Davos cr\u00e9e un environnement unique qui peut influencer de mani\u00e8re significative les activit\u00e9s de fusions et acquisitions dans le monde entier.  <\/p>\n<h4>Mise en r\u00e9seau et \u00e9tablissement de relations<\/h4>\n<p>Au c\u0153ur de Davos se trouve la possibilit\u00e9 de nouer des contacts. L&rsquo;\u00e9v\u00e9nement rassemble des PDG, des investisseurs, des fonctionnaires et des leaders d&rsquo;opinion, cr\u00e9ant ainsi une atmosph\u00e8re rare pour nouer des relations. Ces relations peuvent d\u00e9boucher sur des partenariats strat\u00e9giques, des coentreprises ou des acquisitions pures et simples. Par exemple, les discussions qui ont lieu lors de rencontres informelles \u00e0 Davos peuvent amener les dirigeants \u00e0 explorer les synergies entre leurs entreprises, ouvrant ainsi la voie \u00e0 des discussions de fusion et d&rsquo;acquisition qui n&rsquo;auraient peut-\u00eatre pas eu lieu autrement.   <\/p>\n<p>Les relations personnelles nou\u00e9es \u00e0 Davos peuvent \u00e9galement faciliter la confiance et la coop\u00e9ration, \u00e9l\u00e9ments cruciaux dans le paysage souvent complexe et sensible des fusions et acquisitions. En connaissant les personnes qui se cachent derri\u00e8re les transactions potentielles, les d\u00e9cideurs sont plus enclins \u00e0 n\u00e9gocier et \u00e0 collaborer, ce qui peut acc\u00e9l\u00e9rer le processus de fusion et d&rsquo;acquisition. <\/p>\n<h4>Fa\u00e7onner le sentiment du march\u00e9<\/h4>\n<p>Les discussions et les id\u00e9es partag\u00e9es au WEF peuvent influencer de mani\u00e8re significative le sentiment du march\u00e9 et la confiance des investisseurs. Les sujets d\u00e9battus \u00e0 Davos refl\u00e8tent souvent des tendances et des d\u00e9fis \u00e9conomiques plus larges, qui peuvent avoir un impact sur les industries et les secteurs. Par exemple, les discussions sur l&rsquo;innovation technologique ou les pratiques commerciales durables peuvent renforcer l&rsquo;attrait de certaines entreprises et en faire des cibles privil\u00e9gi\u00e9es pour des acquisitions.  <\/p>\n<p>En outre, la pr\u00e9sence de personnalit\u00e9s politiques influentes peut donner un aper\u00e7u des changements r\u00e9glementaires ou des politiques \u00e9conomiques susceptibles d&rsquo;influer sur l&rsquo;activit\u00e9 de fusion et d&rsquo;acquisition. Des perspectives positives pr\u00e9sent\u00e9es \u00e0 Davos peuvent renforcer la confiance du march\u00e9 et entra\u00eener une augmentation de l&rsquo;activit\u00e9 de fusion et d&rsquo;acquisition, les entreprises cherchant \u00e0 tirer parti de conditions favorables. \u00c0 l&rsquo;inverse, si l&rsquo;ambiance \u00e0 Davos est prudente ou pessimiste, cela peut entra\u00eener un ralentissement des transactions, les entreprises adoptant une approche attentiste.  <\/p>\n<h4>Mise en \u00e9vidence des tendances mondiales<\/h4>\n<p>Chaque ann\u00e9e, les th\u00e8mes abord\u00e9s \u00e0 Davos refl\u00e8tent les questions urgentes du moment, du changement climatique \u00e0 la transformation num\u00e9rique. Ces tendances peuvent avoir une influence directe sur les fusions et acquisitions, car les entreprises s&rsquo;adaptent \u00e0 l&rsquo;\u00e9volution de la dynamique du march\u00e9. Par exemple, la sensibilisation accrue au changement climatique a incit\u00e9 de nombreuses entreprises \u00e0 proc\u00e9der \u00e0 des acquisitions ax\u00e9es sur le d\u00e9veloppement durable, ce qui a entra\u00een\u00e9 une augmentation des fusions-acquisitions vertes.  <\/p>\n<p>De m\u00eame, l&rsquo;importance accord\u00e9e \u00e0 la technologie et \u00e0 la num\u00e9risation a entra\u00een\u00e9 une augmentation des transactions li\u00e9es \u00e0 la technologie. Les entreprises reconnaissant l&rsquo;importance des capacit\u00e9s num\u00e9riques pour rester comp\u00e9titives, l&rsquo;acquisition d&rsquo;entreprises technologiques devient une priorit\u00e9 strat\u00e9gique. Les discussions de Davos peuvent mettre en lumi\u00e8re ces tendances et encourager les entreprises \u00e0 proc\u00e9der \u00e0 des acquisitions qui correspondent aux demandes des march\u00e9s \u00e9mergents.  <\/p>\n<h4>Perspectives r\u00e9glementaires et \u00e9conomiques<\/h4>\n<p>Le WEF est une plateforme o\u00f9 les leaders mondiaux discutent des cadres r\u00e9glementaires et des politiques \u00e9conomiques qui peuvent avoir des implications directes sur les fusions et acquisitions. Les changements dans les politiques commerciales, les r\u00e9glementations antitrust ou les lois sur les investissements \u00e9trangers peuvent influencer le paysage des fusions et acquisitions. Par exemple, si les dirigeants mondiaux signalent une \u00e9volution vers des relations commerciales plus favorables, les entreprises peuvent se sentir plus confiantes dans la poursuite des fusions et acquisitions transfrontali\u00e8res.  <\/p>\n<p>En outre, les pr\u00e9visions \u00e9conomiques communiqu\u00e9es lors du forum peuvent orienter la strat\u00e9gie des entreprises. Si les dirigeants \u00e9conomiques pr\u00e9voient une reprise vigoureuse, les entreprises pourraient \u00eatre plus enclines \u00e0 poursuivre des strat\u00e9gies de croissance agressives par le biais d&rsquo;acquisitions. \u00c0 l&rsquo;inverse, si la croissance mondiale semble atone, les entreprises pourraient adopter une approche plus prudente en mati\u00e8re de fusions et d&rsquo;acquisitions.  <\/p>\n","protected":false},"excerpt":{"rendered":"<p>Le Forum \u00e9conomique mondial (WEF), qui se tient chaque ann\u00e9e \u00e0 Davos, en Suisse, est un \u00e9v\u00e9nement majeur qui rassemble des dirigeants de gouvernements, d&rsquo;entreprises et de la soci\u00e9t\u00e9 civile pour d\u00e9battre de questions mondiales urgentes. Si l&rsquo;ordre du jour du forum va du changement climatique \u00e0 l&rsquo;innovation technologique, l&rsquo;un des aspects les moins discut\u00e9s [&hellip;]<\/p>\n","protected":false},"author":3,"featured_media":18557,"comment_status":"closed","ping_status":"closed","sticky":false,"template":"","format":"standard","meta":{"tdm_status":"","tdm_grid_status":"","footnotes":""},"categories":[693],"tags":[],"class_list":{"0":"post-18638","1":"post","2":"type-post","3":"status-publish","4":"format-standard","5":"has-post-thumbnail","7":"category-actualites"},"yoast_head":"<!-- This site is optimized with the Yoast SEO Premium plugin v24.2 (Yoast SEO v27.3) - https:\/\/yoast.com\/product\/yoast-seo-premium-wordpress\/ -->\n<title>Le Forum \u00e9conomique mondial de Davos : Implications pour les fusions et acquisitions | MergersCorp M&amp;A International<\/title>\n<meta name=\"robots\" content=\"index, follow, max-snippet:-1, max-image-preview:large, max-video-preview:-1\" \/>\n<link rel=\"canonical\" href=\"https:\/\/blog.mergerscorp.com\/fr\/le-forum-economique-mondial-de-davos-implications-pour-les-fusions-et-acquisitions\/\" \/>\n<meta property=\"og:locale\" content=\"fr_FR\" \/>\n<meta property=\"og:type\" content=\"article\" \/>\n<meta property=\"og:title\" content=\"Le Forum \u00e9conomique mondial de Davos : Implications pour les fusions et acquisitions\" \/>\n<meta property=\"og:description\" content=\"Le Forum \u00e9conomique mondial (WEF), qui se tient chaque ann\u00e9e \u00e0 Davos, en Suisse, est un \u00e9v\u00e9nement majeur qui rassemble des dirigeants de gouvernements, d&rsquo;entreprises et de la soci\u00e9t\u00e9 civile pour d\u00e9battre de questions mondiales urgentes. Si l&rsquo;ordre du jour du forum va du changement climatique \u00e0 l&rsquo;innovation technologique, l&rsquo;un des aspects les moins discut\u00e9s [&hellip;]\" \/>\n<meta property=\"og:url\" content=\"https:\/\/blog.mergerscorp.com\/fr\/le-forum-economique-mondial-de-davos-implications-pour-les-fusions-et-acquisitions\/\" \/>\n<meta property=\"og:site_name\" content=\"MergersCorp M&amp;A International | Investment Banking\" \/>\n<meta property=\"article:published_time\" content=\"2025-03-05T11:13:55+00:00\" \/>\n<meta property=\"og:image\" content=\"https:\/\/blog.mergerscorp.com\/wp-content\/uploads\/2025\/01\/abstract-blurred-light-bokeh-background-with-blue-color-1-scaled.jpg\" \/>\n\t<meta property=\"og:image:width\" content=\"2560\" \/>\n\t<meta property=\"og:image:height\" content=\"1440\" \/>\n\t<meta property=\"og:image:type\" content=\"image\/jpeg\" \/>\n<meta name=\"author\" content=\"Stefano Endrizzi\" \/>\n<meta name=\"twitter:card\" content=\"summary_large_image\" \/>\n<meta name=\"twitter:label1\" content=\"\u00c9crit par\" \/>\n\t<meta name=\"twitter:data1\" content=\"Stefano Endrizzi\" \/>\n\t<meta name=\"twitter:label2\" content=\"Dur\u00e9e de lecture estim\u00e9e\" \/>\n\t<meta name=\"twitter:data2\" content=\"4 minutes\" \/>\n<script type=\"application\/ld+json\" class=\"yoast-schema-graph\">{\"@context\":\"https:\\\/\\\/schema.org\",\"@graph\":[{\"@type\":\"Article\",\"@id\":\"https:\\\/\\\/blog.mergerscorp.com\\\/fr\\\/le-forum-economique-mondial-de-davos-implications-pour-les-fusions-et-acquisitions\\\/#article\",\"isPartOf\":{\"@id\":\"https:\\\/\\\/blog.mergerscorp.com\\\/fr\\\/le-forum-economique-mondial-de-davos-implications-pour-les-fusions-et-acquisitions\\\/\"},\"author\":{\"name\":\"Stefano Endrizzi\",\"@id\":\"https:\\\/\\\/blog.mergerscorp.com\\\/#\\\/schema\\\/person\\\/b918ecd3eec2b80f10bd364daf96fc9b\"},\"headline\":\"Le Forum \u00e9conomique mondial de Davos : Implications pour les fusions et acquisitions\",\"datePublished\":\"2025-03-05T11:13:55+00:00\",\"mainEntityOfPage\":{\"@id\":\"https:\\\/\\\/blog.mergerscorp.com\\\/fr\\\/le-forum-economique-mondial-de-davos-implications-pour-les-fusions-et-acquisitions\\\/\"},\"wordCount\":792,\"publisher\":{\"@id\":\"https:\\\/\\\/blog.mergerscorp.com\\\/#organization\"},\"image\":{\"@id\":\"https:\\\/\\\/blog.mergerscorp.com\\\/fr\\\/le-forum-economique-mondial-de-davos-implications-pour-les-fusions-et-acquisitions\\\/#primaryimage\"},\"thumbnailUrl\":\"https:\\\/\\\/blog.mergerscorp.com\\\/wp-content\\\/uploads\\\/2025\\\/01\\\/abstract-blurred-light-bokeh-background-with-blue-color-1-scaled.jpg\",\"articleSection\":[\"Actualit\u00e9s\"],\"inLanguage\":\"fr-FR\"},{\"@type\":\"WebPage\",\"@id\":\"https:\\\/\\\/blog.mergerscorp.com\\\/fr\\\/le-forum-economique-mondial-de-davos-implications-pour-les-fusions-et-acquisitions\\\/\",\"url\":\"https:\\\/\\\/blog.mergerscorp.com\\\/fr\\\/le-forum-economique-mondial-de-davos-implications-pour-les-fusions-et-acquisitions\\\/\",\"name\":\"Le Forum \u00e9conomique mondial de Davos : Implications pour les fusions et acquisitions | MergersCorp M&A International\",\"isPartOf\":{\"@id\":\"https:\\\/\\\/blog.mergerscorp.com\\\/#website\"},\"primaryImageOfPage\":{\"@id\":\"https:\\\/\\\/blog.mergerscorp.com\\\/fr\\\/le-forum-economique-mondial-de-davos-implications-pour-les-fusions-et-acquisitions\\\/#primaryimage\"},\"image\":{\"@id\":\"https:\\\/\\\/blog.mergerscorp.com\\\/fr\\\/le-forum-economique-mondial-de-davos-implications-pour-les-fusions-et-acquisitions\\\/#primaryimage\"},\"thumbnailUrl\":\"https:\\\/\\\/blog.mergerscorp.com\\\/wp-content\\\/uploads\\\/2025\\\/01\\\/abstract-blurred-light-bokeh-background-with-blue-color-1-scaled.jpg\",\"datePublished\":\"2025-03-05T11:13:55+00:00\",\"breadcrumb\":{\"@id\":\"https:\\\/\\\/blog.mergerscorp.com\\\/fr\\\/le-forum-economique-mondial-de-davos-implications-pour-les-fusions-et-acquisitions\\\/#breadcrumb\"},\"inLanguage\":\"fr-FR\",\"potentialAction\":[{\"@type\":\"ReadAction\",\"target\":[\"https:\\\/\\\/blog.mergerscorp.com\\\/fr\\\/le-forum-economique-mondial-de-davos-implications-pour-les-fusions-et-acquisitions\\\/\"]}]},{\"@type\":\"ImageObject\",\"inLanguage\":\"fr-FR\",\"@id\":\"https:\\\/\\\/blog.mergerscorp.com\\\/fr\\\/le-forum-economique-mondial-de-davos-implications-pour-les-fusions-et-acquisitions\\\/#primaryimage\",\"url\":\"https:\\\/\\\/blog.mergerscorp.com\\\/wp-content\\\/uploads\\\/2025\\\/01\\\/abstract-blurred-light-bokeh-background-with-blue-color-1-scaled.jpg\",\"contentUrl\":\"https:\\\/\\\/blog.mergerscorp.com\\\/wp-content\\\/uploads\\\/2025\\\/01\\\/abstract-blurred-light-bokeh-background-with-blue-color-1-scaled.jpg\",\"width\":2560,\"height\":1440},{\"@type\":\"BreadcrumbList\",\"@id\":\"https:\\\/\\\/blog.mergerscorp.com\\\/fr\\\/le-forum-economique-mondial-de-davos-implications-pour-les-fusions-et-acquisitions\\\/#breadcrumb\",\"itemListElement\":[{\"@type\":\"ListItem\",\"position\":1,\"name\":\"Home\",\"item\":\"https:\\\/\\\/blog.mergerscorp.com\\\/fr\\\/\"},{\"@type\":\"ListItem\",\"position\":2,\"name\":\"Le Forum \u00e9conomique mondial de Davos : Implications pour les fusions et acquisitions\"}]},{\"@type\":\"WebSite\",\"@id\":\"https:\\\/\\\/blog.mergerscorp.com\\\/#website\",\"url\":\"https:\\\/\\\/blog.mergerscorp.com\\\/\",\"name\":\"Mergerscorp M&A International Blog\",\"description\":\"Corporate Blog\",\"publisher\":{\"@id\":\"https:\\\/\\\/blog.mergerscorp.com\\\/#organization\"},\"potentialAction\":[{\"@type\":\"SearchAction\",\"target\":{\"@type\":\"EntryPoint\",\"urlTemplate\":\"https:\\\/\\\/blog.mergerscorp.com\\\/?s={search_term_string}\"},\"query-input\":{\"@type\":\"PropertyValueSpecification\",\"valueRequired\":true,\"valueName\":\"search_term_string\"}}],\"inLanguage\":\"fr-FR\"},{\"@type\":\"Organization\",\"@id\":\"https:\\\/\\\/blog.mergerscorp.com\\\/#organization\",\"name\":\"MergersCorp M&A International\",\"url\":\"https:\\\/\\\/blog.mergerscorp.com\\\/\",\"logo\":{\"@type\":\"ImageObject\",\"inLanguage\":\"fr-FR\",\"@id\":\"https:\\\/\\\/blog.mergerscorp.com\\\/#\\\/schema\\\/logo\\\/image\\\/\",\"url\":\"https:\\\/\\\/blog.mergerscorp.com\\\/wp-content\\\/uploads\\\/2021\\\/08\\\/MergersCorp-Logo-copy-scaled.jpg\",\"contentUrl\":\"https:\\\/\\\/blog.mergerscorp.com\\\/wp-content\\\/uploads\\\/2021\\\/08\\\/MergersCorp-Logo-copy-scaled.jpg\",\"width\":2560,\"height\":2560,\"caption\":\"MergersCorp M&A International\"},\"image\":{\"@id\":\"https:\\\/\\\/blog.mergerscorp.com\\\/#\\\/schema\\\/logo\\\/image\\\/\"}},{\"@type\":\"Person\",\"@id\":\"https:\\\/\\\/blog.mergerscorp.com\\\/#\\\/schema\\\/person\\\/b918ecd3eec2b80f10bd364daf96fc9b\",\"name\":\"Stefano Endrizzi\",\"image\":{\"@type\":\"ImageObject\",\"inLanguage\":\"fr-FR\",\"@id\":\"https:\\\/\\\/blog.mergerscorp.com\\\/wp-content\\\/uploads\\\/2026\\\/04\\\/Stefano-Endrizzi-96x96.jpg\",\"url\":\"https:\\\/\\\/blog.mergerscorp.com\\\/wp-content\\\/uploads\\\/2026\\\/04\\\/Stefano-Endrizzi-96x96.jpg\",\"contentUrl\":\"https:\\\/\\\/blog.mergerscorp.com\\\/wp-content\\\/uploads\\\/2026\\\/04\\\/Stefano-Endrizzi-96x96.jpg\",\"caption\":\"Stefano Endrizzi\"},\"description\":\"Stefano is an M&amp;A-Investment Banker and a Swiss-registered Investment &amp; Financial Advisor (FinSA\\\/FIDLEG), strategic consultant for companies, multinationals, investors and government institutions.\",\"url\":\"https:\\\/\\\/blog.mergerscorp.com\\\/fr\\\/author\\\/stefano\\\/\"}]}<\/script>\n<!-- \/ Yoast SEO Premium plugin. -->","yoast_head_json":{"title":"Le Forum \u00e9conomique mondial de Davos : Implications pour les fusions et acquisitions | MergersCorp M&A International","robots":{"index":"index","follow":"follow","max-snippet":"max-snippet:-1","max-image-preview":"max-image-preview:large","max-video-preview":"max-video-preview:-1"},"canonical":"https:\/\/blog.mergerscorp.com\/fr\/le-forum-economique-mondial-de-davos-implications-pour-les-fusions-et-acquisitions\/","og_locale":"fr_FR","og_type":"article","og_title":"Le Forum \u00e9conomique mondial de Davos : Implications pour les fusions et acquisitions","og_description":"Le Forum \u00e9conomique mondial (WEF), qui se tient chaque ann\u00e9e \u00e0 Davos, en Suisse, est un \u00e9v\u00e9nement majeur qui rassemble des dirigeants de gouvernements, d&rsquo;entreprises et de la soci\u00e9t\u00e9 civile pour d\u00e9battre de questions mondiales urgentes. Si l&rsquo;ordre du jour du forum va du changement climatique \u00e0 l&rsquo;innovation technologique, l&rsquo;un des aspects les moins discut\u00e9s [&hellip;]","og_url":"https:\/\/blog.mergerscorp.com\/fr\/le-forum-economique-mondial-de-davos-implications-pour-les-fusions-et-acquisitions\/","og_site_name":"MergersCorp M&amp;A International | Investment Banking","article_published_time":"2025-03-05T11:13:55+00:00","og_image":[{"width":2560,"height":1440,"url":"https:\/\/blog.mergerscorp.com\/wp-content\/uploads\/2025\/01\/abstract-blurred-light-bokeh-background-with-blue-color-1-scaled.jpg","type":"image\/jpeg"}],"author":"Stefano Endrizzi","twitter_card":"summary_large_image","twitter_misc":{"\u00c9crit par":"Stefano Endrizzi","Dur\u00e9e de lecture estim\u00e9e":"4 minutes"},"schema":{"@context":"https:\/\/schema.org","@graph":[{"@type":"Article","@id":"https:\/\/blog.mergerscorp.com\/fr\/le-forum-economique-mondial-de-davos-implications-pour-les-fusions-et-acquisitions\/#article","isPartOf":{"@id":"https:\/\/blog.mergerscorp.com\/fr\/le-forum-economique-mondial-de-davos-implications-pour-les-fusions-et-acquisitions\/"},"author":{"name":"Stefano Endrizzi","@id":"https:\/\/blog.mergerscorp.com\/#\/schema\/person\/b918ecd3eec2b80f10bd364daf96fc9b"},"headline":"Le Forum \u00e9conomique mondial de Davos : Implications pour les fusions et acquisitions","datePublished":"2025-03-05T11:13:55+00:00","mainEntityOfPage":{"@id":"https:\/\/blog.mergerscorp.com\/fr\/le-forum-economique-mondial-de-davos-implications-pour-les-fusions-et-acquisitions\/"},"wordCount":792,"publisher":{"@id":"https:\/\/blog.mergerscorp.com\/#organization"},"image":{"@id":"https:\/\/blog.mergerscorp.com\/fr\/le-forum-economique-mondial-de-davos-implications-pour-les-fusions-et-acquisitions\/#primaryimage"},"thumbnailUrl":"https:\/\/blog.mergerscorp.com\/wp-content\/uploads\/2025\/01\/abstract-blurred-light-bokeh-background-with-blue-color-1-scaled.jpg","articleSection":["Actualit\u00e9s"],"inLanguage":"fr-FR"},{"@type":"WebPage","@id":"https:\/\/blog.mergerscorp.com\/fr\/le-forum-economique-mondial-de-davos-implications-pour-les-fusions-et-acquisitions\/","url":"https:\/\/blog.mergerscorp.com\/fr\/le-forum-economique-mondial-de-davos-implications-pour-les-fusions-et-acquisitions\/","name":"Le Forum \u00e9conomique mondial de Davos : Implications pour les fusions et acquisitions | MergersCorp M&A International","isPartOf":{"@id":"https:\/\/blog.mergerscorp.com\/#website"},"primaryImageOfPage":{"@id":"https:\/\/blog.mergerscorp.com\/fr\/le-forum-economique-mondial-de-davos-implications-pour-les-fusions-et-acquisitions\/#primaryimage"},"image":{"@id":"https:\/\/blog.mergerscorp.com\/fr\/le-forum-economique-mondial-de-davos-implications-pour-les-fusions-et-acquisitions\/#primaryimage"},"thumbnailUrl":"https:\/\/blog.mergerscorp.com\/wp-content\/uploads\/2025\/01\/abstract-blurred-light-bokeh-background-with-blue-color-1-scaled.jpg","datePublished":"2025-03-05T11:13:55+00:00","breadcrumb":{"@id":"https:\/\/blog.mergerscorp.com\/fr\/le-forum-economique-mondial-de-davos-implications-pour-les-fusions-et-acquisitions\/#breadcrumb"},"inLanguage":"fr-FR","potentialAction":[{"@type":"ReadAction","target":["https:\/\/blog.mergerscorp.com\/fr\/le-forum-economique-mondial-de-davos-implications-pour-les-fusions-et-acquisitions\/"]}]},{"@type":"ImageObject","inLanguage":"fr-FR","@id":"https:\/\/blog.mergerscorp.com\/fr\/le-forum-economique-mondial-de-davos-implications-pour-les-fusions-et-acquisitions\/#primaryimage","url":"https:\/\/blog.mergerscorp.com\/wp-content\/uploads\/2025\/01\/abstract-blurred-light-bokeh-background-with-blue-color-1-scaled.jpg","contentUrl":"https:\/\/blog.mergerscorp.com\/wp-content\/uploads\/2025\/01\/abstract-blurred-light-bokeh-background-with-blue-color-1-scaled.jpg","width":2560,"height":1440},{"@type":"BreadcrumbList","@id":"https:\/\/blog.mergerscorp.com\/fr\/le-forum-economique-mondial-de-davos-implications-pour-les-fusions-et-acquisitions\/#breadcrumb","itemListElement":[{"@type":"ListItem","position":1,"name":"Home","item":"https:\/\/blog.mergerscorp.com\/fr\/"},{"@type":"ListItem","position":2,"name":"Le Forum \u00e9conomique mondial de Davos : Implications pour les fusions et acquisitions"}]},{"@type":"WebSite","@id":"https:\/\/blog.mergerscorp.com\/#website","url":"https:\/\/blog.mergerscorp.com\/","name":"Mergerscorp M&A International Blog","description":"Corporate Blog","publisher":{"@id":"https:\/\/blog.mergerscorp.com\/#organization"},"potentialAction":[{"@type":"SearchAction","target":{"@type":"EntryPoint","urlTemplate":"https:\/\/blog.mergerscorp.com\/?s={search_term_string}"},"query-input":{"@type":"PropertyValueSpecification","valueRequired":true,"valueName":"search_term_string"}}],"inLanguage":"fr-FR"},{"@type":"Organization","@id":"https:\/\/blog.mergerscorp.com\/#organization","name":"MergersCorp M&A International","url":"https:\/\/blog.mergerscorp.com\/","logo":{"@type":"ImageObject","inLanguage":"fr-FR","@id":"https:\/\/blog.mergerscorp.com\/#\/schema\/logo\/image\/","url":"https:\/\/blog.mergerscorp.com\/wp-content\/uploads\/2021\/08\/MergersCorp-Logo-copy-scaled.jpg","contentUrl":"https:\/\/blog.mergerscorp.com\/wp-content\/uploads\/2021\/08\/MergersCorp-Logo-copy-scaled.jpg","width":2560,"height":2560,"caption":"MergersCorp M&A International"},"image":{"@id":"https:\/\/blog.mergerscorp.com\/#\/schema\/logo\/image\/"}},{"@type":"Person","@id":"https:\/\/blog.mergerscorp.com\/#\/schema\/person\/b918ecd3eec2b80f10bd364daf96fc9b","name":"Stefano Endrizzi","image":{"@type":"ImageObject","inLanguage":"fr-FR","@id":"https:\/\/blog.mergerscorp.com\/wp-content\/uploads\/2026\/04\/Stefano-Endrizzi-96x96.jpg","url":"https:\/\/blog.mergerscorp.com\/wp-content\/uploads\/2026\/04\/Stefano-Endrizzi-96x96.jpg","contentUrl":"https:\/\/blog.mergerscorp.com\/wp-content\/uploads\/2026\/04\/Stefano-Endrizzi-96x96.jpg","caption":"Stefano Endrizzi"},"description":"Stefano is an M&amp;A-Investment Banker and a Swiss-registered Investment &amp; Financial Advisor (FinSA\/FIDLEG), strategic consultant for companies, multinationals, investors and government institutions.","url":"https:\/\/blog.mergerscorp.com\/fr\/author\/stefano\/"}]}},"_links":{"self":[{"href":"https:\/\/blog.mergerscorp.com\/fr\/wp-json\/wp\/v2\/posts\/18638","targetHints":{"allow":["GET"]}}],"collection":[{"href":"https:\/\/blog.mergerscorp.com\/fr\/wp-json\/wp\/v2\/posts"}],"about":[{"href":"https:\/\/blog.mergerscorp.com\/fr\/wp-json\/wp\/v2\/types\/post"}],"author":[{"embeddable":true,"href":"https:\/\/blog.mergerscorp.com\/fr\/wp-json\/wp\/v2\/users\/3"}],"replies":[{"embeddable":true,"href":"https:\/\/blog.mergerscorp.com\/fr\/wp-json\/wp\/v2\/comments?post=18638"}],"version-history":[{"count":0,"href":"https:\/\/blog.mergerscorp.com\/fr\/wp-json\/wp\/v2\/posts\/18638\/revisions"}],"wp:featuredmedia":[{"embeddable":true,"href":"https:\/\/blog.mergerscorp.com\/fr\/wp-json\/wp\/v2\/media\/18557"}],"wp:attachment":[{"href":"https:\/\/blog.mergerscorp.com\/fr\/wp-json\/wp\/v2\/media?parent=18638"}],"wp:term":[{"taxonomy":"category","embeddable":true,"href":"https:\/\/blog.mergerscorp.com\/fr\/wp-json\/wp\/v2\/categories?post=18638"},{"taxonomy":"post_tag","embeddable":true,"href":"https:\/\/blog.mergerscorp.com\/fr\/wp-json\/wp\/v2\/tags?post=18638"}],"curies":[{"name":"wp","href":"https:\/\/api.w.org\/{rel}","templated":true}]}}